{"id":5655,"__str__":"REQUERIMENTO n\u00ba 435 de 2023","link_detail_backend":"/materia/5655","metadata":{},"numero":435,"ano":2023,"numero_protocolo":624,"data_apresentacao":"2023-05-09","tipo_apresentacao":"","data_publicacao":null,"numero_origem_externa":"","ano_origem_externa":null,"data_origem_externa":null,"apelido":"","dias_prazo":null,"data_fim_prazo":null,"em_tramitacao":true,"polemica":false,"objeto":"","complementar":false,"ementa":"SOLICITA QUE SEJA ENCAMINHADO C\u00d3PIA DA PRESENTE PROPOSI\u00c7\u00c3O AO CHEFE DO PODER EXECUTIVO MUNICIPAL, O PREFEITO SEBASTI\u00c3O BALA ROCHA, A FIM DE QUE SEJA ALTERADO O ARTIGO 11 DA LEI COMPLEMENTAR 032/2022-PMS, PASSANDO A TER A SEGUINTE REDA\u00c7\u00c3O:\r\nART. 11. A CONTRIBUI\u00c7\u00c3O ORDIN\u00c1RIA DOS APOSENTADOS E PENSIONISTAS INCIDIR\u00c1 SOMENTE SOBRE O VALOR DOS PROVENTOS DE APOSENTADORIA E DE PENS\u00d5ES DAQUELES QUE RECEBEREM O TETO DA PREVID\u00caNCIA.","indexacao":"","observacao":"","resultado":"","texto_original":"http://sapl.santana.ap.leg.br/media/sapl/public/materialegislativa/2023/5655/requerimento_mudanca_na_lei.docx","data_ultima_atualizacao":"2023-05-11T13:02:15.691955-03:00","ip":"","ultima_edicao":null,"tipo":6,"regime_tramitacao":3,"tipo_origem_externa":null,"local_origem_externa":null,"user":null,"anexadas":[],"autores":[42]}