{"id":5609,"__str__":"REQUERIMENTO n\u00ba 406 de 2023","link_detail_backend":"/materia/5609","metadata":{},"numero":406,"ano":2023,"numero_protocolo":578,"data_apresentacao":"2023-05-03","tipo_apresentacao":"","data_publicacao":null,"numero_origem_externa":"","ano_origem_externa":null,"data_origem_externa":null,"apelido":"","dias_prazo":null,"data_fim_prazo":null,"em_tramitacao":true,"polemica":false,"objeto":"","complementar":false,"ementa":"REQUER AO EXCELENT\u00cdSSIMO SR.\u00ba SEBASTI\u00c3O FERREIRA DA ROCHA \u2013 PREFEITO DO MUNIC\u00cdPIO DE SANTANA - PMS E PARA AO SR.\u00ba ANDERSON RICARDO DE ALMEIDA FEIO \u2013 SECRET\u00c1RIO MUNICIPAL DE OBRAS P\u00daBLICAS E SERVI\u00c7OS URBANOS \u2013 SEMOP, OS SERVI\u00c7OS DE MANUTEN\u00c7\u00c3O DA ILUMINA\u00c7\u00c3O P\u00daBLICA (TROCA DE L\u00c2MPADAS, BRA\u00c7OS E CABE\u00c7AS DE LUMIN\u00c1RIAS) NA AVENIDA PEDRO DA COSTA FAVELA ENTRE AS (TRAVESSA MANOEL CARVALHO E TRAVESSA  M. VIDEIRA).","indexacao":"","observacao":"","resultado":"","texto_original":"http://sapl.santana.ap.leg.br/media/sapl/public/materialegislativa/2023/5609/requerimento_da_iluminacao_na_avenida_pedro_da_costa_favela..pdf","data_ultima_atualizacao":"2023-05-09T11:05:06.197430-03:00","ip":"","ultima_edicao":null,"tipo":6,"regime_tramitacao":3,"tipo_origem_externa":null,"local_origem_externa":null,"user":null,"anexadas":[],"autores":[16]}