{"id":5596,"__str__":"REQUERIMENTO n\u00ba 398 de 2023","link_detail_backend":"/materia/5596","metadata":{},"numero":398,"ano":2023,"numero_protocolo":565,"data_apresentacao":"2023-05-03","tipo_apresentacao":"","data_publicacao":null,"numero_origem_externa":"","ano_origem_externa":null,"data_origem_externa":null,"apelido":"","dias_prazo":null,"data_fim_prazo":null,"em_tramitacao":true,"polemica":false,"objeto":"","complementar":false,"ementa":"REQUERER AO EXMO, SR. SEBASTI\u00c3O BALA ROCHA PREFEITO MUNICIPAL DE SANTANA, COM VISTAS A SECRETARIA DE EDUCA\u00c7\u00c3O DO MUNICIPIO DE SANTANA, O SERVI\u00c7O DE REFORMA DA ESCOLA MUNICIPAL DE ENSINO FUNDAMENTAL AMAZONAS, LOCALIZADA NA AVENIDA 15 DE NOVEMBRO, NO BAIRRO CENTRAL.","indexacao":"","observacao":"","resultado":"","texto_original":"http://sapl.santana.ap.leg.br/media/sapl/public/materialegislativa/2023/5596/requerimento_04-_legislativo.doc","data_ultima_atualizacao":"2023-05-09T11:05:04.878852-03:00","ip":"","ultima_edicao":null,"tipo":6,"regime_tramitacao":3,"tipo_origem_externa":null,"local_origem_externa":null,"user":null,"anexadas":[],"autores":[44]}