{"id":5519,"__str__":"INDICA\u00c7\u00c3O n\u00ba 53 de 2023","link_detail_backend":"/materia/5519","metadata":{},"numero":53,"ano":2023,"numero_protocolo":488,"data_apresentacao":"2023-04-24","tipo_apresentacao":"","data_publicacao":null,"numero_origem_externa":"","ano_origem_externa":null,"data_origem_externa":null,"apelido":"","dias_prazo":null,"data_fim_prazo":null,"em_tramitacao":true,"polemica":false,"objeto":"","complementar":false,"ementa":"INDICA AO EXCELENT\u00cdSSIMO SR. CL\u00c9CIO LU\u00cdS VILHENA VIEIRA - GOVERNADOR DO ESTADO DO AMAP\u00c1 \u2013 GEA E PARA A SR\u00aa. SANDRA CASIMIRO \u2013 SECRET\u00c1RIA DE ESTADO DA EDUCA\u00c7\u00c3O \u2013 SEED. A REFORMA DA QUADRA POLIESPORTIVA DO ANAUERAPUCU, LOCALIZADA NA BR \u2013 AP \u2013 010- DISTRITO DO MUNIC\u00cdPIO DE SANTANA.","indexacao":"","observacao":"","resultado":"","texto_original":"http://sapl.santana.ap.leg.br/media/sapl/public/materialegislativa/2023/5519/indicacao_do_distrito_do_anauerapucu.pdf","data_ultima_atualizacao":"2023-04-24T14:59:43.779953-03:00","ip":"","ultima_edicao":null,"tipo":3,"regime_tramitacao":3,"tipo_origem_externa":null,"local_origem_externa":null,"user":null,"anexadas":[],"autores":[16]}