{"id":5454,"__str__":"REQUERIMENTO n\u00ba 298 de 2023","link_detail_backend":"/materia/5454","metadata":{},"numero":298,"ano":2023,"numero_protocolo":426,"data_apresentacao":"2023-04-12","tipo_apresentacao":"","data_publicacao":null,"numero_origem_externa":"","ano_origem_externa":null,"data_origem_externa":null,"apelido":"","dias_prazo":null,"data_fim_prazo":null,"em_tramitacao":true,"polemica":false,"objeto":"","complementar":false,"ementa":"REQUER AO EXCELENT\u00cdSSIMO SR. SEBASTI\u00c3O FERREIRA DA ROCHA \u2013 PREFEITO DO MUNIC\u00cdPIO DE SANTANA - PMS E PARA AO SR. ANDERSON RICARDO DE ALMEIDA FEIO \u2013 SECRET\u00c1RIO MUNICIPAL DE OBRAS P\u00daBLICAS E SERVI\u00c7OS URBANOS \u2013 SEMOP, INFORMA\u00c7\u00d5ES DO PODER EXECUTIVO MUNICIPAL QUANTO A POSSIBILIDADE DE REFORMA DA UNIDADE B\u00c1SICA DE SA\u00daDE (UBS), LOCALIZADA NO DISTRITO DO ANAUERAPUCU -  SANTANA.","indexacao":"","observacao":"","resultado":"","texto_original":"http://sapl.santana.ap.leg.br/media/sapl/public/materialegislativa/2023/5454/requerimento_da_reforma_da_ubs-_ok.pdf","data_ultima_atualizacao":"2023-04-18T12:35:35.795817-03:00","ip":"","ultima_edicao":null,"tipo":6,"regime_tramitacao":3,"tipo_origem_externa":null,"local_origem_externa":null,"user":null,"anexadas":[],"autores":[16]}