{"id":5417,"__str__":"REQUERIMENTO n\u00ba 270 de 2023","link_detail_backend":"/materia/5417","metadata":{},"numero":270,"ano":2023,"numero_protocolo":389,"data_apresentacao":"2023-04-04","tipo_apresentacao":"","data_publicacao":null,"numero_origem_externa":"","ano_origem_externa":null,"data_origem_externa":null,"apelido":"","dias_prazo":null,"data_fim_prazo":null,"em_tramitacao":true,"polemica":false,"objeto":"","complementar":false,"ementa":"REQUER C\u00d3PIAS DESTA PROPOSI\u00c7\u00c3O AO EXCELENT\u00cdSSIMO SENHOR SEBASTI\u00c3O FERREIRA DA ROCHA, PREFEITO DO MUNIC\u00cdPIO DE SANTANA \u2013 PMS E AO SENHOR RAIMUNDO IVO GIUSTI, SUPERINTENDENTE DE TRANSPORTE E TR\u00c2NSITO  \u2013 STTRANS. A DEMARCA\u00c7\u00c3O DE CICLOVIAS NA AVENIDA MARIA DE OLIVEIRA COLARES: 68927299, NECESSITA DA DEMARCA\u00c7\u00c3O DE CICLOVIAS PARA OS CICLISTAS.","indexacao":"","observacao":"","resultado":"","texto_original":"http://sapl.santana.ap.leg.br/media/sapl/public/materialegislativa/2023/5417/requerimento_demarcacao_de_ciclovias_na_avenida_maria_de_oliveira_colares..docx","data_ultima_atualizacao":"2023-04-11T11:19:25.722479-03:00","ip":"","ultima_edicao":null,"tipo":6,"regime_tramitacao":3,"tipo_origem_externa":null,"local_origem_externa":null,"user":null,"anexadas":[],"autores":[36]}