{"id":5404,"__str__":"REQUERIMENTO n\u00ba 260 de 2023","link_detail_backend":"/materia/5404","metadata":{},"numero":260,"ano":2023,"numero_protocolo":376,"data_apresentacao":"2023-04-03","tipo_apresentacao":"","data_publicacao":null,"numero_origem_externa":"","ano_origem_externa":null,"data_origem_externa":null,"apelido":"","dias_prazo":null,"data_fim_prazo":null,"em_tramitacao":true,"polemica":false,"objeto":"","complementar":false,"ementa":"AO EXMO. SR. RAIMUNDO IVO GIUSTI, M. D. DIRETOR DA SUPERINTEND\u00caNCIA DE TRANSPORTE E TR\u00c2NSITO \u2013 STTRANS, SOLICITANDO AO MESMO QUE FA\u00c7A A FISCALIZA\u00c7\u00c3O E RETIRADA DE VE\u00cdCULOS E EMBARCA\u00c7\u00d5ES ABANDONADOS EM VIA P\u00daBLICA, RATIFICANDO O REQUERIMENTO N\u00ba 402/2021 \tEM ANEXO.","indexacao":"","observacao":"","resultado":"","texto_original":"http://sapl.santana.ap.leg.br/media/sapl/public/materialegislativa/2023/5404/requer_sttrans_retirada_de_veiculos_abandonados.doc","data_ultima_atualizacao":"2023-04-11T11:19:22.902022-03:00","ip":"","ultima_edicao":null,"tipo":6,"regime_tramitacao":3,"tipo_origem_externa":null,"local_origem_externa":null,"user":null,"anexadas":[],"autores":[42]}