{"id":5388,"__str__":"REQUERIMENTO n\u00ba 248 de 2023","link_detail_backend":"/materia/5388","metadata":{},"numero":248,"ano":2023,"numero_protocolo":360,"data_apresentacao":"2023-04-03","tipo_apresentacao":"","data_publicacao":null,"numero_origem_externa":"","ano_origem_externa":null,"data_origem_externa":null,"apelido":"","dias_prazo":null,"data_fim_prazo":null,"em_tramitacao":true,"polemica":false,"objeto":"","complementar":false,"ementa":"REQUER AO EXCELENT\u00cdSSIMO SR. SEBASTI\u00c3O FERREIRA DA ROCHA \u2013 PREFEITO DO MUNIC\u00cdPIO DE SANTANA - PMS E PARA AO SR. ANDERSON RICARDO DE ALMEIDA FEIO \u2013 SECRET\u00c1RIO MUNICIPAL DE OBRAS P\u00daBLICAS E SERVI\u00c7OS URBANOS \u2013 SEMOP, QUE SEJAM REALIZADOS OS SERVI\u00c7OS DE MANUTEN\u00c7\u00c3O DA PONTE NO RAMAL DO JEAN MAT\u00c3O I PIA\u00c7AC\u00c1, NO MUNIC\u00cdPIO DE SANTANA.","indexacao":"","observacao":"","resultado":"","texto_original":"http://sapl.santana.ap.leg.br/media/sapl/public/materialegislativa/2023/5388/manutencao_da_ponte_ramal_do_jean_matao_i_paicaca.pdf","data_ultima_atualizacao":"2023-04-11T11:19:19.932559-03:00","ip":"","ultima_edicao":null,"tipo":6,"regime_tramitacao":3,"tipo_origem_externa":null,"local_origem_externa":null,"user":null,"anexadas":[],"autores":[16]}