{"id":5366,"__str__":"REQUERIMENTO n\u00ba 232 de 2023","link_detail_backend":"/materia/5366","metadata":{},"numero":232,"ano":2023,"numero_protocolo":339,"data_apresentacao":"2023-03-29","tipo_apresentacao":"","data_publicacao":null,"numero_origem_externa":"","ano_origem_externa":null,"data_origem_externa":null,"apelido":"","dias_prazo":null,"data_fim_prazo":null,"em_tramitacao":true,"polemica":false,"objeto":"","complementar":false,"ementa":"REQUER AO EXCELENT\u00cdSSIMO SR. SEBASTI\u00c3O FERREIRA DA ROCHA \u2013 PREFEITO DO MUNIC\u00cdPIO DE SANTANA - PMS E PARA AO SR. ANDERSON RICARDO DE ALMEIDA FEIO \u2013 SECRET\u00c1RIO MUNICIPAL DE OBRAS P\u00daBLICAS E SERVI\u00c7OS URBANOS \u2013 SEMOP, A CONSTRU\u00c7\u00c3O EM MADEIRA DE LEI OU CONCRETO ARMADO DA PONTE DO MARRECA LOCALIZADO NA ILHA DE SANTANA.","indexacao":"","observacao":"","resultado":"","texto_original":"http://sapl.santana.ap.leg.br/media/sapl/public/materialegislativa/2023/5366/requerimento_da_ponte_do__marreca_-_ok.pdf","data_ultima_atualizacao":"2023-04-04T10:18:50.664526-03:00","ip":"","ultima_edicao":null,"tipo":6,"regime_tramitacao":3,"tipo_origem_externa":null,"local_origem_externa":null,"user":null,"anexadas":[],"autores":[16]}