{"id":5301,"__str__":"Justificativa de Falta n\u00ba 11 de 2023","link_detail_backend":"/materia/5301","metadata":{},"numero":11,"ano":2023,"numero_protocolo":273,"data_apresentacao":"2023-03-21","tipo_apresentacao":"","data_publicacao":null,"numero_origem_externa":"","ano_origem_externa":null,"data_origem_externa":null,"apelido":"","dias_prazo":null,"data_fim_prazo":null,"em_tramitacao":true,"polemica":false,"objeto":"","complementar":false,"ementa":"COMUNICO A VOSSA EXCEL\u00caNCIA QUE, DEVIDO AO EXERC\u00cdCIO DE ATIVIDADE PARLAMENTAR (REUNI\u00c3O PARTID\u00c1RIA), ESTIVE IMPOSSIBILITADO DE PARTICIPAR DA 9\u00aa SESS\u00c3O ORDIN\u00c1RIA DO DIA 16 DE MAR\u00c7O DE 2023.","indexacao":"","observacao":"","resultado":"","texto_original":"http://sapl.santana.ap.leg.br/media/sapl/public/materialegislativa/2023/5301/justificativa_de_falta_do_dia_16.pdf","data_ultima_atualizacao":"2023-03-21T10:43:46.391157-03:00","ip":"186.216.177.27","ultima_edicao":"2023-03-21T07:28:59.677262-03:00","tipo":17,"regime_tramitacao":3,"tipo_origem_externa":null,"local_origem_externa":null,"user":33,"anexadas":[],"autores":[16]}