{"id":5300,"__str__":"Justificativa de Falta n\u00ba 10 de 2023","link_detail_backend":"/materia/5300","metadata":{},"numero":10,"ano":2023,"numero_protocolo":272,"data_apresentacao":"2023-03-21","tipo_apresentacao":"","data_publicacao":null,"numero_origem_externa":"","ano_origem_externa":null,"data_origem_externa":null,"apelido":"","dias_prazo":null,"data_fim_prazo":null,"em_tramitacao":true,"polemica":false,"objeto":"","complementar":false,"ementa":"Por estar acometida de enfermidade respirat\u00f3ria, onde estou sem condi\u00e7\u00f5es f\u00edsicas para   participar presencialmente da 10\u00aa Sess\u00e3o Ordin\u00e1ria. Pois estou h\u00e1 05 (cinco) dias, apresentando fortes dores na cabe\u00e7a, hipertermia, tosse e coriza.","indexacao":"","observacao":"","resultado":"","texto_original":"http://sapl.santana.ap.leg.br/media/sapl/public/materialegislativa/2023/5300/justificativa_02._2023.doc","data_ultima_atualizacao":"2023-03-21T10:43:46.108727-03:00","ip":"","ultima_edicao":null,"tipo":17,"regime_tramitacao":3,"tipo_origem_externa":null,"local_origem_externa":null,"user":null,"anexadas":[],"autores":[44]}