{"id":5293,"__str__":"REQUERIMENTO n\u00ba 180 de 2023","link_detail_backend":"/materia/5293","metadata":{},"numero":180,"ano":2023,"numero_protocolo":265,"data_apresentacao":"2023-03-20","tipo_apresentacao":"","data_publicacao":null,"numero_origem_externa":"","ano_origem_externa":null,"data_origem_externa":null,"apelido":"","dias_prazo":null,"data_fim_prazo":null,"em_tramitacao":true,"polemica":false,"objeto":"","complementar":false,"ementa":"REQUER AO EXCELENT\u00cdSSIMO SR. SEBASTI\u00c3O FERREIRA DA ROCHA \u2013 PREFEITO DO MUNIC\u00cdPIO DE SANTANA - PMS E PARA AO SR.\u00ba AMARILSON GUILHERME DO AMARAL \u2013 SECRET\u00c1RIO MUNICIPAL DE EDUCA\u00c7\u00c3O \u2013 SEME, INFORMA\u00c7\u00d5ES DO PODER EXECUTIVO QUANTO A POSSIBILIDADE DE FORNECIMENTO DE KIT DE UNIFORMES ESCOLARES AOS ALUNOS DAS ESCOLAS DA REDE P\u00daBLICA MUNICIPAL DE ENSINO.","indexacao":"","observacao":"","resultado":"","texto_original":"http://sapl.santana.ap.leg.br/media/sapl/public/materialegislativa/2023/5293/requerimento_de_uniforme_escolar_pronto.pdf","data_ultima_atualizacao":"2023-03-23T11:57:58.741772-03:00","ip":"","ultima_edicao":null,"tipo":6,"regime_tramitacao":3,"tipo_origem_externa":null,"local_origem_externa":null,"user":null,"anexadas":[],"autores":[16]}