{"id":5245,"__str__":"REQUERIMENTO n\u00ba 147 de 2023","link_detail_backend":"/materia/5245","metadata":{},"numero":147,"ano":2023,"numero_protocolo":217,"data_apresentacao":"2023-03-14","tipo_apresentacao":"E","data_publicacao":null,"numero_origem_externa":"","ano_origem_externa":null,"data_origem_externa":null,"apelido":"","dias_prazo":null,"data_fim_prazo":null,"em_tramitacao":true,"polemica":false,"objeto":"","complementar":false,"ementa":"REQUER AO SECRET\u00c1RIO MUNICIPAL DE OBRAS P\u00daBLICAS, QUE SEJA FEITO OS SERVI\u00c7OS DE REPOSI\u00c7\u00c3O DE LUMIN\u00c1RIAS E/OU COLOCA\u00c7\u00c3O DAS MESMAS, DA AVENIDA BENTO MACIEL, DO PER\u00cdMETRO DA RUA CL\u00c1UDIO L\u00daCIO MONTEIRO AT\u00c9  O INICIO DA PONTE, NO BAIRRO REM\u00c9DIO II, NESTE MUNIC\u00cdPIO.","indexacao":"","observacao":"","resultado":"","texto_original":"http://sapl.santana.ap.leg.br/media/sapl/public/materialegislativa/2023/5245/req_2.pdf","data_ultima_atualizacao":"2023-03-16T08:27:18.233625-03:00","ip":"186.216.177.27","ultima_edicao":"2023-03-14T13:17:02.551506-03:00","tipo":6,"regime_tramitacao":3,"tipo_origem_externa":null,"local_origem_externa":null,"user":31,"anexadas":[],"autores":[39]}