{"id":5168,"__str__":"MO\u00c7\u00c3O n\u00ba 3 de 2023","link_detail_backend":"/materia/5168","metadata":{},"numero":3,"ano":2023,"numero_protocolo":139,"data_apresentacao":"2023-02-27","tipo_apresentacao":"","data_publicacao":null,"numero_origem_externa":"","ano_origem_externa":null,"data_origem_externa":null,"apelido":"","dias_prazo":null,"data_fim_prazo":null,"em_tramitacao":true,"polemica":false,"objeto":"","complementar":false,"ementa":"Excelent\u00edssimo Senhor Presidente da C\u00e2mara de Vereadores do Munic\u00edpio de Santana, Adelson Rocha, Vereador do Munic\u00edpio de Santana, integrante do Partido Comunista do Brasil \u2013 PcdoB, vem solicitar \u00e0 Mesa Diretora, dentro dos termos regimentais e ouvido e soberano plen\u00e1rio, que seja concedida MO\u00c7\u00c3O DE PESAR aos Familiares de OSMAR AZEVEDO DA SILVA, FALECIDO EM 25 de fevereiro do presente Ano.","indexacao":"","observacao":"","resultado":"","texto_original":"http://sapl.santana.ap.leg.br/media/sapl/public/materialegislativa/2023/5168/mocao_de_pesar_osmar_azevedo_da_silva.pdf","data_ultima_atualizacao":"2023-03-02T14:11:40.329417-03:00","ip":"","ultima_edicao":null,"tipo":7,"regime_tramitacao":3,"tipo_origem_externa":null,"local_origem_externa":null,"user":null,"anexadas":[],"autores":[34]}