{"id":5146,"__str__":"Justificativa de Falta n\u00ba 1 de 2023","link_detail_backend":"/materia/5146","metadata":{},"numero":1,"ano":2023,"numero_protocolo":117,"data_apresentacao":"2023-02-27","tipo_apresentacao":"","data_publicacao":null,"numero_origem_externa":"","ano_origem_externa":null,"data_origem_externa":null,"apelido":"","dias_prazo":null,"data_fim_prazo":null,"em_tramitacao":true,"polemica":false,"objeto":"","complementar":false,"ementa":"COMUNICO A VOSSA EXCEL\u00caNCIA QUE, DEVIDO A PROBLEMAS DE SA\u00daDE, ESTIVE IMPOSSIBILITADA DE PARTICIPAR DA SESS\u00c3O ORDIN\u00c1RIA DO DIA 23 DE EVEREIRO DE 2023, PLEITEANDO, DESSA FORMA, QUE A REFERIDA FALTA SEJA DEVIDAMENTE JUSTIFICADA.","indexacao":"","observacao":"","resultado":"","texto_original":"http://sapl.santana.ap.leg.br/media/sapl/public/materialegislativa/2023/5146/justificativa_de_falta_1.pdf","data_ultima_atualizacao":"2023-02-28T09:30:21.155485-03:00","ip":"","ultima_edicao":null,"tipo":17,"regime_tramitacao":3,"tipo_origem_externa":null,"local_origem_externa":null,"user":null,"anexadas":[],"autores":[43]}