{"id":5024,"__str__":"PARECER DE COMISS\u00d5ES n\u00ba 128 de 2022","link_detail_backend":"/materia/5024","metadata":{},"numero":128,"ano":2022,"numero_protocolo":1365,"data_apresentacao":"2022-12-15","tipo_apresentacao":"","data_publicacao":null,"numero_origem_externa":"","ano_origem_externa":null,"data_origem_externa":null,"apelido":"","dias_prazo":null,"data_fim_prazo":null,"em_tramitacao":true,"polemica":false,"objeto":"","complementar":false,"ementa":"PARECER EM DECIS\u00c3O TERMINATIVA DA COMISS\u00c3O DE CONSTITUI\u00c7\u00c3O JUSTI\u00c7A E REDA\u00c7\u00c3O, AO PROJETO DE DECRETO LEGISLATIVO N\u00b0 16/2022, DE AUTORIA DA VEREADORA ELMA GARCIA, QUE CONCEDE T\u00cdTULO HONOR\u00cdFICO DE CIDAD\u00c3O SANTANENSE AO SENHOR RANDOLPH FREDERICH RODRIGUES ALVES E D\u00c1 OUTRAS PROVID\u00caNCIAS, A QUAL ESTA COMISS\u00c3O OPINA PELA SUA APROVA\u00c7\u00c3O.","indexacao":"","observacao":"","resultado":"","texto_original":"http://sapl.santana.ap.leg.br/media/sapl/public/materialegislativa/2022/5024/camscanner_12-15-2022_13.46.pdf","data_ultima_atualizacao":"2022-12-15T18:42:40.840354-03:00","ip":"","ultima_edicao":null,"tipo":15,"regime_tramitacao":3,"tipo_origem_externa":null,"local_origem_externa":null,"user":null,"anexadas":[],"autores":[46]}