{"id":4858,"__str__":"PARECER DE COMISS\u00d5ES n\u00ba 93 de 2022","link_detail_backend":"/materia/4858","metadata":{},"numero":93,"ano":2022,"numero_protocolo":1199,"data_apresentacao":"2022-11-08","tipo_apresentacao":"","data_publicacao":null,"numero_origem_externa":"","ano_origem_externa":null,"data_origem_externa":null,"apelido":"","dias_prazo":null,"data_fim_prazo":null,"em_tramitacao":true,"polemica":false,"objeto":"","complementar":false,"ementa":"PARECER EM DECIS\u00c3O TERMINATIVA DA COMISS\u00c3O DE CONSTITUI\u00c7\u00c3O JUSTI\u00c7A E REDA\u00c7\u00c3O, AO PROJETO DE DECRETO LEGISLATIVO N\u00b0 11/2022, DE AUTORIA DO VEREADOR M\u00c1RIO BRAND\u00c3O -PL, QUE CONCEDE O T\u00cdTULO HONOR\u00cdFICO DE CIDAD\u00c3O SANTANENSE AO MAGISTRADO JOS\u00c9 BONIF\u00c1CIO LIMA DA MATTA, E D\u00c1 OUTRAS PROVID\u00caNCIAS, A QUAL ESTA COMISS\u00c3O OPINA PELA SUA APROVA\u00c7\u00c3O.","indexacao":"","observacao":"","resultado":"","texto_original":"http://sapl.santana.ap.leg.br/media/sapl/public/materialegislativa/2022/4858/parecer_11.pdf","data_ultima_atualizacao":"2022-11-10T13:43:06.583438-03:00","ip":"","ultima_edicao":null,"tipo":15,"regime_tramitacao":3,"tipo_origem_externa":null,"local_origem_externa":null,"user":null,"anexadas":[],"autores":[46]}