{"id":4745,"__str__":"REQUERIMENTO n\u00ba 716 de 2022","link_detail_backend":"/materia/4745","metadata":{},"numero":716,"ano":2022,"numero_protocolo":1084,"data_apresentacao":"2022-10-17","tipo_apresentacao":"","data_publicacao":null,"numero_origem_externa":"","ano_origem_externa":null,"data_origem_externa":null,"apelido":"","dias_prazo":null,"data_fim_prazo":null,"em_tramitacao":true,"polemica":false,"objeto":"","complementar":false,"ementa":"REQUER AO EXCELENT\u00cdSSIMO SR.\u00ba SEBASTI\u00c3O FERREIRA DA ROCHA \u2013 PREFEITO DO MUNIC\u00cdPIO DE SANTANA - PMS E PARA AO SR.\u00ba ANDERSON RICARDO DE ALMEIDA FEIO \u2013 SECRET\u00c1RIO MUNICIPAL DE OBRAS P\u00daBLICAS E SERVI\u00c7OS URBANOS \u2013 SEMOP A REFORMA EM MADEIRA DE LEI E/OU CONSTRU\u00c7\u00c3O EM CONCRETO ARMADO DA PASSARELA CONHECIDA COMO PALMEIRAS, LOCALIZADA NO FINAL DA AV. UBALDO FIGUEIRA, NO BAIRRO PROVEDOR I.","indexacao":"","observacao":"","resultado":"","texto_original":"http://sapl.santana.ap.leg.br/media/sapl/public/materialegislativa/2022/4745/passarela_palmeiras.pdf","data_ultima_atualizacao":"2022-10-20T13:59:44.357458-03:00","ip":"","ultima_edicao":null,"tipo":6,"regime_tramitacao":3,"tipo_origem_externa":null,"local_origem_externa":null,"user":null,"anexadas":[],"autores":[16]}