{"id":4312,"__str__":"REQUERIMENTO n\u00ba 454 de 2022","link_detail_backend":"/materia/4312","metadata":{},"numero":454,"ano":2022,"numero_protocolo":642,"data_apresentacao":"2022-05-23","tipo_apresentacao":"","data_publicacao":null,"numero_origem_externa":"","ano_origem_externa":null,"data_origem_externa":null,"apelido":"","dias_prazo":null,"data_fim_prazo":null,"em_tramitacao":true,"polemica":false,"objeto":"","complementar":false,"ementa":"REQUER AO EXCELENT\u00cdSSIMO SR.\u00ba SEBASTI\u00c3O FERREIRA DA ROCHA \u2013 PREFEITO DO MUNIC\u00cdPIO DE SANTANA - PMS E PARA AO SR.\u00ba ANDERSON RICARDO DE ALMEIDA FEIO \u2013 SECRET\u00c1RIO MUNICIPAL DE OBRAS P\u00daBLICAS E SERVI\u00c7OS URBANOS \u2013 SEMOP QUE SEJAM REALIZADOS OS SERVI\u00c7OS DE LIMPEZA (CAPINA) E RETIRADA DE ENTULHOS NA AVENIDA DAS NA\u00c7\u00d5ES (TRECHO ENTRE RUAS OSVALDO CRUZ E PADRE VIT\u00d3RIO GALLIANE) NO BAIRRO PARA\u00cdSO.","indexacao":"","observacao":"","resultado":"","texto_original":"http://sapl.santana.ap.leg.br/media/sapl/public/materialegislativa/2022/4312/capina_-_av._das_nacoes.pdf","data_ultima_atualizacao":"2022-05-26T13:02:12.417359-03:00","ip":"","ultima_edicao":null,"tipo":6,"regime_tramitacao":3,"tipo_origem_externa":null,"local_origem_externa":null,"user":null,"anexadas":[],"autores":[16]}