{"id":4305,"__str__":"REQUERIMENTO n\u00ba 448 de 2022","link_detail_backend":"/materia/4305","metadata":{},"numero":448,"ano":2022,"numero_protocolo":635,"data_apresentacao":"2022-05-23","tipo_apresentacao":"","data_publicacao":null,"numero_origem_externa":"","ano_origem_externa":null,"data_origem_externa":null,"apelido":"","dias_prazo":null,"data_fim_prazo":null,"em_tramitacao":true,"polemica":false,"objeto":"","complementar":false,"ementa":"EXMO. SR. SEBASTI\u00c3O BALA ROCHA, M. D. PREFEITO MUNICIPAL DE SANTANA, SOLICITANDO AO MESMO, ATRAV\u00c9S DA SECRETARIA MUNICIPAL DE OBRAS P\u00daBLICAS E SERVI\u00c7OS URBANOS DE SANTANA, CRIE UM PROJETO PARA A REVITALIZA\u00c7\u00c3O E MODERNIZA\u00c7\u00c3O DA AV. SANTANA, INCLUINDO QUIOSQUES, CAL\u00c7ADAS E CICLOVIA E INCENTIVE A VERTICALIZA\u00c7\u00c3O URBANA.","indexacao":"","observacao":"","resultado":"","texto_original":"http://sapl.santana.ap.leg.br/media/sapl/public/materialegislativa/2022/4305/requerimento_de_revitalizacao_e_modernizacao_da_avenida_santana.doc","data_ultima_atualizacao":"2022-05-26T13:02:11.572049-03:00","ip":"","ultima_edicao":null,"tipo":6,"regime_tramitacao":3,"tipo_origem_externa":null,"local_origem_externa":null,"user":null,"anexadas":[],"autores":[42]}