{"id":4237,"__str__":"Justificativa de Falta n\u00ba 8 de 2022","link_detail_backend":"/materia/4237","metadata":{},"numero":8,"ano":2022,"numero_protocolo":567,"data_apresentacao":"2022-05-10","tipo_apresentacao":"E","data_publicacao":null,"numero_origem_externa":"","ano_origem_externa":null,"data_origem_externa":null,"apelido":"","dias_prazo":null,"data_fim_prazo":null,"em_tramitacao":true,"polemica":false,"objeto":"","complementar":false,"ementa":"COMUNICO A VOSSA EXCEL\u00caNCIA O PRESENTE MEMORANDO TEM POR FINALIDADE JUSTIFICAR A AUS\u00caNCIA DA VEREADORA CARMEM QUEIROZ (PP) NA 25\u00aa SESS\u00c3O ORDIN\u00c1RIA, RESPECTIVAMENTE NO DIA 10 DE MAIO DE 2022, POIS ME ENCONTRO IMPOSSIBILITADO DE EXERCER MINHAS FUN\u00c7\u00d5ES LEGISLATIVAS PARA TRATAMENTO DE SA\u00daDE.","indexacao":"","observacao":"","resultado":"","texto_original":null,"data_ultima_atualizacao":"2022-05-10T15:23:16.181137-03:00","ip":"186.216.177.8","ultima_edicao":"2022-05-10T11:26:44.954923-03:00","tipo":17,"regime_tramitacao":3,"tipo_origem_externa":null,"local_origem_externa":null,"user":33,"anexadas":[],"autores":[43]}