{"id":3172,"__str__":"PROJETO DE LEI ORDIN\u00c1RIA n\u00ba 62 de 2021","link_detail_backend":"/materia/3172","metadata":{},"numero":62,"ano":2021,"numero_protocolo":1390,"data_apresentacao":"2021-09-21","tipo_apresentacao":"","data_publicacao":null,"numero_origem_externa":"","ano_origem_externa":null,"data_origem_externa":null,"apelido":"","dias_prazo":null,"data_fim_prazo":null,"em_tramitacao":true,"polemica":false,"objeto":"","complementar":false,"ementa":"DISP\u00d5E SOBRE A PRESTA\u00c7\u00c3O DE SERVI\u00c7OS DE PSICOLOGIA E ASSIST\u00caNCIA SOCIAL NAS ESCOLAS MUNICIPAIS DE EDUCA\u00c7\u00c3O B\u00c1SICA DE SANTANA-AP.","indexacao":"","observacao":"PROJETO DE LEI VETADO ATRAV\u00c9S DA MENSAGEM DE VETO INTEGRAL N\u00ba 06-2023-PMS.  PROCESSO ARQUIVADO A PEDIDO DO VEREADOR AUTOR DA MAT\u00c9RIA, CONFORME MEMO N\u00ba 08-2023 -GAB/VER LUIZINHO","resultado":"","texto_original":"http://sapl.santana.ap.leg.br/media/sapl/public/materialegislativa/2021/3172/projeto_servicos_de_psicologo_e_assitente_social_nas_escolas__-_setembro2021.docx","data_ultima_atualizacao":"2023-04-04T12:21:24.907976-03:00","ip":"191.6.121.195","ultima_edicao":"2023-04-04T12:21:24.723577-03:00","tipo":5,"regime_tramitacao":3,"tipo_origem_externa":null,"local_origem_externa":null,"user":31,"anexadas":[],"autores":[41]}