{"id":3139,"__str__":"REQUERIMENTO n\u00ba 918 de 2021","link_detail_backend":"/materia/3139","metadata":{},"numero":918,"ano":2021,"numero_protocolo":1357,"data_apresentacao":"2021-09-15","tipo_apresentacao":"","data_publicacao":null,"numero_origem_externa":"","ano_origem_externa":null,"data_origem_externa":null,"apelido":"","dias_prazo":null,"data_fim_prazo":null,"em_tramitacao":true,"polemica":false,"objeto":"","complementar":false,"ementa":"REQUER AO EXCELENT\u00cdSSIMO SR. PREFEITO DO MUNIC\u00cdPIO DE SANTANA - PMS E AO SR. SECRET\u00c1RIO MUNICIPAL DE OBRAS P\u00daBLICAS E SERVI\u00c7OS URBANOS \u2013 SEMOP, A AMPLIA\u00c7\u00c3O DA CRECHE ADRIELLE FERREIRA DA SILVA; AMPLIA\u00c7\u00c3O DA CRECHE IRA\u00cdDINA PINHEIRO SANCHES; REFORMA E AMPLIA\u00c7\u00c3O DA CRECHE MAURO C\u00c9ZAR","indexacao":"","observacao":"","resultado":"","texto_original":"http://sapl.santana.ap.leg.br/media/sapl/public/materialegislativa/2021/3139/req._cms._semop._seme_-_reforma_ampliacao_de_creches_15.09.pdf","data_ultima_atualizacao":"2021-09-20T23:38:07.166477-03:00","ip":"","ultima_edicao":null,"tipo":6,"regime_tramitacao":3,"tipo_origem_externa":null,"local_origem_externa":null,"user":null,"anexadas":[],"autores":[16]}