{"id":11053,"__str__":"REQUERIMENTO n\u00ba 67 de 2026","link_detail_backend":"/materia/11053","metadata":{},"numero":67,"ano":2026,"numero_protocolo":97,"data_apresentacao":"2026-02-11","tipo_apresentacao":"","data_publicacao":null,"numero_origem_externa":"","ano_origem_externa":null,"data_origem_externa":null,"apelido":"","dias_prazo":null,"data_fim_prazo":null,"em_tramitacao":true,"polemica":false,"objeto":"","complementar":false,"ementa":"REQUER AO EXCELENT\u00cdSSIMO SENHOR PREFEITO MUNICIPAL DE SANTANA, SEBASTI\u00c3O BALA ROCHA, SOLICITANDO A CONSTRU\u00c7\u00c3O DE UMA FAIXA ELEVADA DE PEDESTRE, COM A DEVIDA SINALIZA\u00c7\u00c3O, EM FRENTE AO CENTRO DE ATENDIMENTO EDUCACIONAL ESPECIALIZADO \u00c0 PESSOA COM TRANSTORNO DO ESPECTRO AUTISTA \u2013 MUNDO AZUL, LOCALIZADO NA RUA SALVADOR DINIZ, BAIRRO PROVEDOR.","indexacao":"","observacao":"","resultado":"","texto_original":"http://sapl.santana.ap.leg.br/media/sapl/public/materialegislativa/2026/11053/faixa_elevada_1.doc","data_ultima_atualizacao":"2026-02-24T11:40:44.822163-03:00","ip":"","ultima_edicao":null,"tipo":6,"regime_tramitacao":3,"tipo_origem_externa":null,"local_origem_externa":null,"user":null,"anexadas":[],"autores":[43]}