{"id":10904,"__str__":"PROJETO DE LEI COMPLEMENTAR n\u00ba 15 de 2025","link_detail_backend":"/materia/10904","metadata":{},"numero":15,"ano":2025,"numero_protocolo":2721,"data_apresentacao":"2025-12-09","tipo_apresentacao":"E","data_publicacao":null,"numero_origem_externa":"","ano_origem_externa":null,"data_origem_externa":null,"apelido":"","dias_prazo":null,"data_fim_prazo":null,"em_tramitacao":false,"polemica":false,"objeto":"","complementar":false,"ementa":"DISP\u00d5E SOBRE A ALTERA\u00c7\u00c3O DA LEI COMPLEMENTAR 01/2016 - CMS QUE DISP\u00d5E SOBRE O PLANO DE CARGOS, CARREIRAS E REMUNERA\u00c7\u00d5ES DOS SERVIDORES DO QUADRO DE PESSOAL EFETIVO DO PODER LEGISLATIVO DO MUNIC\u00cdPIO DE SANTANA E DA OUTRAS PROVID\u00caNCIAS.","indexacao":"","observacao":"","resultado":"","texto_original":"http://sapl.santana.ap.leg.br/media/sapl/public/materialegislativa/2025/10904/projeto_de_lei_complementar_no_15-2025.pdf","data_ultima_atualizacao":"2026-02-19T12:01:38.910332-03:00","ip":"191.6.123.166","ultima_edicao":"2026-02-05T11:30:39.402755-03:00","tipo":8,"regime_tramitacao":3,"tipo_origem_externa":null,"local_origem_externa":null,"user":31,"anexadas":[11042,11048,11046,11047],"autores":[23]}