{"id":10866,"__str__":"Justificativa de Falta n\u00ba 71 de 2025","link_detail_backend":"/materia/10866","metadata":{"signs":{"texto_original":{"admin":[],"autores":[["Domingos Farias Gomes Junior",["2025-12-03T11:19:27-03:00","ICP-Brasil"]]]}}},"numero":71,"ano":2025,"numero_protocolo":2683,"data_apresentacao":"2025-12-04","tipo_apresentacao":"","data_publicacao":null,"numero_origem_externa":"","ano_origem_externa":null,"data_origem_externa":null,"apelido":"","dias_prazo":null,"data_fim_prazo":null,"em_tramitacao":true,"polemica":false,"objeto":"","complementar":false,"ementa":"O PRESENTE MEMORANDO TEM POR FINALIDADE JUSTIFICAR A AUS\u00caNCIA DO VEREADOR DOMINGOS FARIAS GOMES JUNIOR - LIGEIRINHO, NA SESS\u00c3O ORDIN\u00c1RIA 66\u00ba, RESPECTIVAMENTE NO DIA 27 DE NOVEMBRO DE 2025, POIS NA REFERIDA DATA, MEU FILHO ENCONTRAVA-SE EM PROCEDIMENTO CIR\u00daRGICO, SITUA\u00c7\u00c3O QUE DEMANDOU MINHA PRESEN\u00c7A E ACOMPANHAMENTO INTEGRAL NO AMBIENTE HOSPITALAR.","indexacao":"","observacao":"","resultado":"","texto_original":"http://sapl.santana.ap.leg.br/media/sapl/public/materialegislativa/2025/10866/memorando_62_justificativa_de_falta_sessao_66_assinado.pdf","data_ultima_atualizacao":"2025-12-04T11:40:27.765749-03:00","ip":"","ultima_edicao":null,"tipo":17,"regime_tramitacao":3,"tipo_origem_externa":null,"local_origem_externa":null,"user":null,"anexadas":[],"autores":[59]}