{"id":10414,"__str__":"REQUERIMENTO n\u00ba 1595 de 2025","link_detail_backend":"/materia/10414","metadata":{},"numero":1595,"ano":2025,"numero_protocolo":2230,"data_apresentacao":"2025-10-15","tipo_apresentacao":"","data_publicacao":null,"numero_origem_externa":"","ano_origem_externa":null,"data_origem_externa":null,"apelido":"","dias_prazo":null,"data_fim_prazo":null,"em_tramitacao":true,"polemica":false,"objeto":"","complementar":false,"ementa":"Requer ao Excelent\u00edssimo Senhor SEBASTI\u00c3O FERREIRA DA ROCHA -PREFEITO DO MUNIC\u00cdPIO DE SANTANA - PMS e ao Senhor PLINIO SILVA DA LUZ\u2013 Secret\u00e1rio Municipal de Sa\u00fade \u2013 SEMSA, O SERVI\u00c7O DE EXAME DE BERA COM SEDA\u00c7\u00c3O, PARA DIAGNOSTICO DE PACIENTES AUTISTAS, PARA O CENTRO DE ESPECIALIZADO EM REABILITA\u00c7\u00c3O M\u00c1RIO DIAS TAVARES.","indexacao":"","observacao":"","resultado":"","texto_original":"http://sapl.santana.ap.leg.br/media/sapl/public/materialegislativa/2025/10414/4-o_servico_de_exame_de_bera_com_sedacao_para_diagnostico_de_pacientes_autista_para_o_centro_de_especializado_em_reabilitacao_mario_dias_tavares..docx","data_ultima_atualizacao":"2025-10-23T12:06:02.463476-03:00","ip":"","ultima_edicao":null,"tipo":6,"regime_tramitacao":3,"tipo_origem_externa":null,"local_origem_externa":null,"user":null,"anexadas":[],"autores":[58]}