{"id":10403,"__str__":"REQUERIMENTO n\u00ba 1587 de 2025","link_detail_backend":"/materia/10403","metadata":{},"numero":1587,"ano":2025,"numero_protocolo":2219,"data_apresentacao":"2025-10-15","tipo_apresentacao":"","data_publicacao":null,"numero_origem_externa":"","ano_origem_externa":null,"data_origem_externa":null,"apelido":"","dias_prazo":null,"data_fim_prazo":null,"em_tramitacao":true,"polemica":false,"objeto":"","complementar":false,"ementa":"Requer ao Excelent\u00edssimo Senhor SEBASTI\u00c3O FERREIRA DA ROCHA -PREFEITO DO MUNIC\u00cdPIO DE SANTANA - PMS e ao Senhor ANDERSON RICARDO DE ALMEIDA FEIO \u2013 Secret\u00e1rio Municipal de Obras P\u00fablicas e Servi\u00e7os Urbanos \u2013 SEMOP, O SERVI\u00c7O DE ATIVA\u00c7\u00c3O E\r\nTERMINO DA AMPLIA\u00c7\u00c3O DA UBS DO IGARAP\u00c9 DO LAGO.","indexacao":"","observacao":"","resultado":"","texto_original":"http://sapl.santana.ap.leg.br/media/sapl/public/materialegislativa/2025/10403/5-o_servico_de_ativacao_e_termino_da_ampliacao_da_ubs_do_igarape_do_lago..docx","data_ultima_atualizacao":"2025-10-23T12:06:01.036911-03:00","ip":"","ultima_edicao":null,"tipo":6,"regime_tramitacao":3,"tipo_origem_externa":null,"local_origem_externa":null,"user":null,"anexadas":[],"autores":[58]}