{"id":10294,"__str__":"PARECER DE COMISS\u00d5ES n\u00ba 76 de 2025","link_detail_backend":"/materia/10294","metadata":{},"numero":76,"ano":2025,"numero_protocolo":2110,"data_apresentacao":"2025-10-07","tipo_apresentacao":"","data_publicacao":null,"numero_origem_externa":"","ano_origem_externa":null,"data_origem_externa":null,"apelido":"","dias_prazo":null,"data_fim_prazo":null,"em_tramitacao":true,"polemica":false,"objeto":"","complementar":false,"ementa":"DA COMISS\u00c3O DE CONSTITUI\u00c7\u00c3O, JUSTI\u00c7A E REDA\u00c7\u00c3O, EM DECIS\u00c3O TERMINATIVA AO PROJETO DE LEI N\u00b0 57/2025 - INSTITUI, NO \u00c2MBITO DO MUNIC\u00cdPIO DE SANTANA, O PROJETO DE LEI QUE CRIA O PROGRAMA PSIQU\u00ca, VOLTADO \u00c0 PROMO\u00c7\u00c3O DA SA\u00daDE MENTAL  DE ADOLESCENTES E JOVENS, E D\u00c1 OUTRAS PROVID\u00caNCIAS.","indexacao":"","observacao":"","resultado":"","texto_original":"http://sapl.santana.ap.leg.br/media/sapl/public/materialegislativa/2025/10294/parecer_projeto_de_lei_n_57_2025.pdf","data_ultima_atualizacao":"2025-10-07T13:13:48.094114-03:00","ip":"","ultima_edicao":null,"tipo":15,"regime_tramitacao":3,"tipo_origem_externa":null,"local_origem_externa":null,"user":null,"anexadas":[],"autores":[46]}