{"id":10282,"__str__":"REQUERIMENTO n\u00ba 1497 de 2025","link_detail_backend":"/materia/10282","metadata":{},"numero":1497,"ano":2025,"numero_protocolo":2098,"data_apresentacao":"2025-10-06","tipo_apresentacao":"","data_publicacao":null,"numero_origem_externa":"","ano_origem_externa":null,"data_origem_externa":null,"apelido":"","dias_prazo":null,"data_fim_prazo":null,"em_tramitacao":true,"polemica":false,"objeto":"","complementar":false,"ementa":"Requer ao excelent\u00edssimo Senhor SEBASTI\u00c3O FERREIRA DA ROCHA \u2013 PREFEITO DO MUNIC\u00cdPIO DE SANTANA - PMS e ao Senhor ANDERSON RICARDO DE ALMEIDA FEIO \u2013 Secret\u00e1rio Municipal de Obras P\u00fablicas e Servi\u00e7os Urbanos \u2013 SEMOP, QUE SEJA REALIZADO O SERVI\u00c7O DE LIMPEZA, MANUTEN\u00c7\u00c3O E ILUMINA\u00c7\u00c3O DA AVENIDA DAS NA\u00c7\u00d5ES ENTRE AS RUAS EVERALDO VASCONCELOS E RUA DOS IMIGRANTES, BAIRRO FONTE NOVA.","indexacao":"","observacao":"","resultado":"","texto_original":"http://sapl.santana.ap.leg.br/media/sapl/public/materialegislativa/2025/10282/1-servico_de_limpeza_manutencao_e_iluminacao_da_avenida_das_nacoes_entre_as_ruas_everaldo_vasconcelos_e_rua_dos_imigrantes_bairro_fonte_nova.docx","data_ultima_atualizacao":"2025-10-09T11:55:41.823249-03:00","ip":"","ultima_edicao":null,"tipo":6,"regime_tramitacao":3,"tipo_origem_externa":null,"local_origem_externa":null,"user":null,"anexadas":[],"autores":[58]}