{"id":10267,"__str__":"INDICA\u00c7\u00c3O n\u00ba 282 de 2025","link_detail_backend":"/materia/10267","metadata":{},"numero":282,"ano":2025,"numero_protocolo":2083,"data_apresentacao":"2025-10-06","tipo_apresentacao":"","data_publicacao":null,"numero_origem_externa":"","ano_origem_externa":null,"data_origem_externa":null,"apelido":"","dias_prazo":null,"data_fim_prazo":null,"em_tramitacao":true,"polemica":false,"objeto":"","complementar":false,"ementa":"INDICA AO EXCELENT\u00cdSSIMO SENHOR GOVERNADOR DO ESTADO, CL\u00c9CIO LU\u00cdS VILHENA VIEIRA, A IMPLANTA\u00c7\u00c3O DE UM SERVI\u00c7O DE MONITORAMENTO DE OCORR\u00caNCIAS DE VIOL\u00caNCIA ESCOLAR NOS EDUCAND\u00c1RIOS DAS REDES ESTADUAL E MUNICIPAL DE ENSINO DE SANTANA.","indexacao":"","observacao":"","resultado":"","texto_original":"http://sapl.santana.ap.leg.br/media/sapl/public/materialegislativa/2025/10267/violencia_escolar.doc","data_ultima_atualizacao":"2025-10-07T13:16:39.868441-03:00","ip":"","ultima_edicao":null,"tipo":3,"regime_tramitacao":3,"tipo_origem_externa":null,"local_origem_externa":null,"user":null,"anexadas":[],"autores":[43]}