{"id":10256,"__str__":"INDICA\u00c7\u00c3O n\u00ba 278 de 2025","link_detail_backend":"/materia/10256","metadata":{},"numero":278,"ano":2025,"numero_protocolo":2072,"data_apresentacao":"2025-10-02","tipo_apresentacao":"","data_publicacao":null,"numero_origem_externa":"","ano_origem_externa":null,"data_origem_externa":null,"apelido":"","dias_prazo":null,"data_fim_prazo":null,"em_tramitacao":true,"polemica":false,"objeto":"","complementar":false,"ementa":"AO EXCELENT\u00cdSSIMO SENHOR GOVERNADOR DO ESTADO DO AMAP\u00c1, POR MEIO DA SECRETARIA DE JUSTI\u00c7A E SEGURAN\u00c7A P\u00daBLICA \u2013 SEJUSP E DA DIRE\u00c7\u00c3O DA POL\u00cdCIA CIVIL DO ESTADO, A IMPLANTA\u00c7\u00c3O DE UM BOX DA POL\u00cdCIA CIVIL NAS DEPEND\u00caNCIAS DO HOSPITAL ESTADUAL DE SANTANA.","indexacao":"","observacao":"","resultado":"","texto_original":"http://sapl.santana.ap.leg.br/media/sapl/public/materialegislativa/2025/10256/indicacao_implantacao_box_policia_civil.doc","data_ultima_atualizacao":"2025-10-02T11:38:00.338153-03:00","ip":"","ultima_edicao":null,"tipo":3,"regime_tramitacao":3,"tipo_origem_externa":null,"local_origem_externa":null,"user":null,"anexadas":[],"autores":[59]}