{"id":10252,"__str__":"INDICA\u00c7\u00c3O n\u00ba 275 de 2025","link_detail_backend":"/materia/10252","metadata":{},"numero":275,"ano":2025,"numero_protocolo":2068,"data_apresentacao":"2025-10-01","tipo_apresentacao":"","data_publicacao":null,"numero_origem_externa":"","ano_origem_externa":null,"data_origem_externa":null,"apelido":"","dias_prazo":null,"data_fim_prazo":null,"em_tramitacao":true,"polemica":false,"objeto":"","complementar":false,"ementa":"INDICA\u00c7\u00c3O AO EXCELENT\u00cdSSIMO SENHOR GOVERNADOR CL\u00c9CIO LUIS, E AO SENHOR DAVID COVRE, SECRET\u00c1RIO DE ESTADO DE INFRAESTRUTURA DO AMAP\u00c1- SEINF, E A SENHORA SANDRA CASEMIRO, SECRET\u00c1RIA ESTADUAL DE EDUCA\u00c7\u00c3O-SEED. PARA QUE SEJA FEITO A REFORMA E AMPLIA\u00c7\u00c3O E MODERNIZA\u00c7\u00c3O DO AUDIT\u00d3RIO E TAMB\u00c9M REFEIT\u00d3RIO, NA ESCOLA ESTADUAL AUGUSTO ANTUNES, BAIRRO NOVA BRASILIA, EM SANTANA.","indexacao":"","observacao":"","resultado":"","texto_original":"http://sapl.santana.ap.leg.br/media/sapl/public/materialegislativa/2025/10252/modernizacao_do_auditorio_e_tambem_refeitorio_na_escola_estadual_augusto_antunes.docx","data_ultima_atualizacao":"2025-10-02T11:37:59.696467-03:00","ip":"","ultima_edicao":null,"tipo":3,"regime_tramitacao":3,"tipo_origem_externa":null,"local_origem_externa":null,"user":null,"anexadas":[],"autores":[58]}