{"id":10227,"__str__":"REQUERIMENTO n\u00ba 1464 de 2025","link_detail_backend":"/materia/10227","metadata":{},"numero":1464,"ano":2025,"numero_protocolo":2043,"data_apresentacao":"2025-10-01","tipo_apresentacao":"","data_publicacao":null,"numero_origem_externa":"","ano_origem_externa":null,"data_origem_externa":null,"apelido":"","dias_prazo":null,"data_fim_prazo":null,"em_tramitacao":true,"polemica":false,"objeto":"","complementar":false,"ementa":"REQUER AO EXCELENT\u00cdSSIMO SENHOR SEBASTI\u00c3O FERREIRA DA ROCHA \u2013 PREFEITO DO MUNIC\u00cdPIO DE SANTANA - PMS E AO SENHOR ANDERSON RICARDO DE ALMEIDA FEIO \u2013 SECRET\u00c1RIO MUNICIPAL DE OBRAS P\u00daBLICAS E SERVI\u00c7OS URBANOS \u2013 SEMOP A REVITALIZA\u00c7\u00c3O E PINTURA DAS FAIXAS DE PEDESTRES, BEM COMO A SUBSTITUI\u00c7\u00c3O OU MANUTEN\u00c7\u00c3O DAS PLACAS DE SINALIZA\u00c7\u00c3O NA RUA OSVALDO CRUZ, EM FRENTE A CRECHE ADRIELLE FERREIRA DA SILVA E A CRECHE \u00c9DRE.","indexacao":"","observacao":"","resultado":"","texto_original":"http://sapl.santana.ap.leg.br/media/sapl/public/materialegislativa/2025/10227/requerimento_faixa_osvaldo_cruz.doc","data_ultima_atualizacao":"2025-10-07T13:24:06.079873-03:00","ip":"","ultima_edicao":null,"tipo":6,"regime_tramitacao":3,"tipo_origem_externa":null,"local_origem_externa":null,"user":null,"anexadas":[],"autores":[60]}